{"id":5146,"date":"2024-12-31T09:42:00","date_gmt":"2024-12-31T08:42:00","guid":{"rendered":"https:\/\/salty.is\/?p=5146"},"modified":"2024-12-31T17:23:33","modified_gmt":"2024-12-31T16:23:33","slug":"fine-dining-insider-ducasse","status":"publish","type":"post","link":"https:\/\/salty.is\/en\/magazine\/fine-dining-insider-ducasse\/","title":{"rendered":"Fine Dining Insider: Ducasse Group"},"content":{"rendered":"<div data-elementor-type=\"wp-post\" data-elementor-id=\"5146\" class=\"elementor elementor-5146\" data-elementor-post-type=\"post\">\n\t\t\t\t<div class=\"elementor-element elementor-element-33d09eec e-con-full e-flex e-con e-parent\" data-id=\"33d09eec\" data-element_type=\"container\">\n\t\t\t\t<div class=\"elementor-element elementor-element-0b29b5f elementor-widget elementor-widget-text-editor\" data-id=\"0b29b5f\" data-element_type=\"widget\" data-widget_type=\"text-editor.default\">\n\t\t\t\t<div class=\"elementor-widget-container\">\n\t\t\t\t\t\t\t\t\t<h2>L&#8217;Eccellenza Globale della Gastronomia e la Sostenibilit\u00e0 nel Fine Dining<\/h2>\t\t\t\t\t\t\t\t<\/div>\n\t\t\t\t<\/div>\n\t\t\t\t<div class=\"elementor-element elementor-element-6423fdb2 elementor-widget elementor-widget-text-editor\" data-id=\"6423fdb2\" data-element_type=\"widget\" data-widget_type=\"text-editor.default\">\n\t\t\t\t<div class=\"elementor-widget-container\">\n\t\t\t\t\t\t\t\t\t<p>Il <strong>Ducasse Group<\/strong>, fondato dallo chef monegasco <strong>Alain Ducasse<\/strong>, \u00e8 un impero culinario globale che incarna l&#8217;eccellenza gastronomica e l&#8217;innovazione nel settore della ristorazione.<\/p>\t\t\t\t\t\t\t\t<\/div>\n\t\t\t\t<\/div>\n\t\t\t\t<div class=\"elementor-element elementor-element-ea156fd elementor-widget elementor-widget-image\" data-id=\"ea156fd\" data-element_type=\"widget\" data-widget_type=\"image.default\">\n\t\t\t\t<div class=\"elementor-widget-container\">\n\t\t\t\t\t\t\t\t\t\t\t\t\t\t\t<img fetchpriority=\"high\" decoding=\"async\" width=\"2560\" height=\"1172\" src=\"https:\/\/salty.is\/wp-content\/uploads\/histoire01-1-scaled-1.webp\" class=\"attachment-full size-full wp-image-5169\" alt=\"\" srcset=\"https:\/\/salty.is\/wp-content\/uploads\/histoire01-1-scaled-1.webp 2560w, https:\/\/salty.is\/wp-content\/uploads\/histoire01-1-scaled-1-600x275.webp 600w, https:\/\/salty.is\/wp-content\/uploads\/histoire01-1-scaled-1-300x137.webp 300w, https:\/\/salty.is\/wp-content\/uploads\/histoire01-1-scaled-1-1024x469.webp 1024w, https:\/\/salty.is\/wp-content\/uploads\/histoire01-1-scaled-1-768x352.webp 768w, https:\/\/salty.is\/wp-content\/uploads\/histoire01-1-scaled-1-1536x703.webp 1536w, https:\/\/salty.is\/wp-content\/uploads\/histoire01-1-scaled-1-2048x938.webp 2048w, https:\/\/salty.is\/wp-content\/uploads\/histoire01-1-scaled-1-650x298.webp 650w\" sizes=\"(max-width: 2560px) 100vw, 2560px\" \/>\t\t\t\t\t\t\t\t\t\t\t\t\t\t\t<\/div>\n\t\t\t\t<\/div>\n\t\t\t\t<div class=\"elementor-element elementor-element-b574d90 elementor-widget elementor-widget-spacer\" data-id=\"b574d90\" data-element_type=\"widget\" data-widget_type=\"spacer.default\">\n\t\t\t\t<div class=\"elementor-widget-container\">\n\t\t\t\t\t\t\t<div class=\"elementor-spacer\">\n\t\t\t<div class=\"elementor-spacer-inner\"><\/div>\n\t\t<\/div>\n\t\t\t\t\t\t<\/div>\n\t\t\t\t<\/div>\n\t\t\t\t<div class=\"elementor-element elementor-element-a43c9a1 elementor-widget elementor-widget-text-editor\" data-id=\"a43c9a1\" data-element_type=\"widget\" data-widget_type=\"text-editor.default\">\n\t\t\t\t<div class=\"elementor-widget-container\">\n\t\t\t\t\t\t\t\t\t<h3>Storia<\/h3>\t\t\t\t\t\t\t\t<\/div>\n\t\t\t\t<\/div>\n\t\t\t\t<div class=\"elementor-element elementor-element-cb84481 elementor-widget elementor-widget-text-editor\" data-id=\"cb84481\" data-element_type=\"widget\" data-widget_type=\"text-editor.default\">\n\t\t\t\t<div class=\"elementor-widget-container\">\n\t\t\t\t\t\t\t\t\t<p>Alain Ducasse nasce nel 1956 nel sud-ovest della Francia e inizia la sua carriera culinaria sotto la guida di maestri come Michel Gu\u00e9rard, Roger Verg\u00e9 e Gaston Len\u00f4tre. Nel 1987, assume la direzione del ristorante <strong>Le Louis XV<\/strong> all&#8217;Hotel de Paris a Monaco, ottenendo tre stelle Michelin in soli tre anni. Da allora, ha ampliato la sua influenza aprendo ristoranti in tutto il mondo, tra cui Parigi, New York, Tokyo e Londra, costruendo un gruppo che oggi conta oltre 2.000 collaboratori a livello globale.\u00a0<\/p>\t\t\t\t\t\t\t\t<\/div>\n\t\t\t\t<\/div>\n\t\t\t\t<div class=\"elementor-element elementor-element-732803e elementor-widget elementor-widget-text-editor\" data-id=\"732803e\" data-element_type=\"widget\" data-widget_type=\"text-editor.default\">\n\t\t\t\t<div class=\"elementor-widget-container\">\n\t\t\t\t\t\t\t\t\t<h3>La filosofia<\/h3>\t\t\t\t\t\t\t\t<\/div>\n\t\t\t\t<\/div>\n\t\t\t\t<div class=\"elementor-element elementor-element-04134db elementor-widget elementor-widget-text-editor\" data-id=\"04134db\" data-element_type=\"widget\" data-widget_type=\"text-editor.default\">\n\t\t\t\t<div class=\"elementor-widget-container\">\n\t\t\t\t\t\t\t\t\t<p>La filosofia culinaria di Ducasse si basa sul concetto di <strong>&#8220;Naturalit\u00e0&#8221;<\/strong>, privilegiando ingredienti locali, stagionali e di alta qualit\u00e0, con un&#8217;enfasi particolare su verdure, cereali e pesce. Pioniere nella promozione di una cucina sostenibile, \u00e8 stato tra i primi chef a offrire un menu vegetariano in un hotel di lusso, oltre 25 anni fa. Ducasse sostiene che la gastronomia abbia un ruolo cruciale nella cura del pianeta, promuovendo una dieta con meno proteine animali a favore di una maggiore sostenibilit\u00e0 ambientale.<\/p>\t\t\t\t\t\t\t\t<\/div>\n\t\t\t\t<\/div>\n\t\t\t\t<div class=\"elementor-element elementor-element-15fc13e elementor-widget elementor-widget-image\" data-id=\"15fc13e\" data-element_type=\"widget\" data-widget_type=\"image.default\">\n\t\t\t\t<div class=\"elementor-widget-container\">\n\t\t\t\t\t\t\t\t\t\t\t\t\t\t\t<img decoding=\"async\" width=\"700\" height=\"950\" src=\"https:\/\/salty.is\/wp-content\/uploads\/restaurant-le-meurice-alain-ducasse-hr-mark-read.jpg\" class=\"attachment-full size-full wp-image-5168\" alt=\"\" srcset=\"https:\/\/salty.is\/wp-content\/uploads\/restaurant-le-meurice-alain-ducasse-hr-mark-read.jpg 700w, https:\/\/salty.is\/wp-content\/uploads\/restaurant-le-meurice-alain-ducasse-hr-mark-read-600x814.jpg 600w, https:\/\/salty.is\/wp-content\/uploads\/restaurant-le-meurice-alain-ducasse-hr-mark-read-221x300.jpg 221w, https:\/\/salty.is\/wp-content\/uploads\/restaurant-le-meurice-alain-ducasse-hr-mark-read-479x650.jpg 479w\" sizes=\"(max-width: 700px) 100vw, 700px\" \/>\t\t\t\t\t\t\t\t\t\t\t\t\t\t\t<\/div>\n\t\t\t\t<\/div>\n\t\t\t\t<div class=\"elementor-element elementor-element-b0c3c08 elementor-widget elementor-widget-text-editor\" data-id=\"b0c3c08\" data-element_type=\"widget\" data-widget_type=\"text-editor.default\">\n\t\t\t\t<div class=\"elementor-widget-container\">\n\t\t\t\t\t\t\t\t\t<h3>La cucina<\/h3>\t\t\t\t\t\t\t\t<\/div>\n\t\t\t\t<\/div>\n\t\t\t\t<div class=\"elementor-element elementor-element-94df339 elementor-widget elementor-widget-text-editor\" data-id=\"94df339\" data-element_type=\"widget\" data-widget_type=\"text-editor.default\">\n\t\t\t\t<div class=\"elementor-widget-container\">\n\t\t\t\t\t\t\t\t\t<p>\u00a0<\/p><p>La cucina del Ducasse Group \u00e8 rinomata per la sua raffinatezza e attenzione ai dettagli. Ogni piatto \u00e8 concepito per esaltare il sapore autentico degli ingredienti, riducendo l&#8217;uso di sale, zucchero e grassi. Questo approccio mira a offrire un&#8217;esperienza culinaria che rispetti la salute dei commensali e l&#8217;ambiente, mantenendo al contempo l&#8217;eccellenza gastronomica.\u00a0<\/p>\t\t\t\t\t\t\t\t<\/div>\n\t\t\t\t<\/div>\n\t\t\t\t<div class=\"elementor-element elementor-element-b5673b5 elementor-widget elementor-widget-text-editor\" data-id=\"b5673b5\" data-element_type=\"widget\" data-widget_type=\"text-editor.default\">\n\t\t\t\t<div class=\"elementor-widget-container\">\n\t\t\t\t\t\t\t\t\t<h3><strong>Principali Marchi<\/strong><\/h3>\t\t\t\t\t\t\t\t<\/div>\n\t\t\t\t<\/div>\n\t\t\t\t<div class=\"elementor-element elementor-element-65d5c01 elementor-widget elementor-widget-text-editor\" data-id=\"65d5c01\" data-element_type=\"widget\" data-widget_type=\"text-editor.default\">\n\t\t\t\t<div class=\"elementor-widget-container\">\n\t\t\t\t\t\t\t\t\t<p>Il Ducasse Group gestisce una variet\u00e0 di ristoranti e attivit\u00e0 correlate in tutto il mondo, tra cui:<\/p><ul><li><p><strong>Le Louis XV<\/strong> a Monaco: un ristorante tre stelle Michelin noto per la sua cucina mediterranea raffinata.<\/p><\/li><li><p><strong>Alain Ducasse au Plaza Ath\u00e9n\u00e9e<\/strong> a Parigi: famoso per il suo focus sulla &#8220;Naturalit\u00e9&#8221; e la cucina sostenibile.<\/p><\/li><li><p><strong>Jules Verne<\/strong> sulla Torre Eiffel a Parigi: offre un&#8217;esperienza culinaria unica con vista panoramica sulla citt\u00e0.<\/p><\/li><li><p><strong>Sapid<\/strong> a Parigi: un ristorante che propone una cucina pesco-vegetariana in un ambiente informale.<\/p><\/li><li><p><strong>\u00c9cole Ducasse<\/strong>: istituto di formazione culinaria che trasmette il savoir-faire e la filosofia di Ducasse alle nuove generazioni di chef.<\/p><\/li><\/ul><p><span style=\"text-align: var(--text-align); color: var(--uicore-typography--p-c,'#070707'); font-family: var(--uicore-typography--p-f,'Inter'); font-size: var(--uicore-typography--p-s,'10px'); font-style: var(--uicore-typography--p-st,'normal'); font-weight: var(--uicore-typography--p-w,'600'); letter-spacing: var(--uicore-typography--p-ls,'-0.027em'); text-transform: var(--uicore-typography--p-t,'none');\">\u00a0<\/span><\/p><p><strong style=\"text-align: var(--text-align); font-style: var(--uicore-typography--h3-st,'normal'); letter-spacing: var(--uicore-typography--h3-ls,'-0.027em'); text-transform: var(--uicore-typography--h3-t,'none'); color: var(--uicore-typography--h3-c,'#070707'); font-family: var(--uicore-typography--h3-f,'Inter'); font-size: var(--uicore-typography--h3-s,'10px');\">Fatturato<\/strong><\/p><div><p>Sebbene i dati finanziari aggiornati non siano pubblicamente disponibili, nel 2021 il Ducasse Group ha registrato un fatturato di circa <strong>100 milioni di euro<\/strong>, dimostrando una solida presenza nel settore della ristorazione di lusso<\/p><\/div>\t\t\t\t\t\t\t\t<\/div>\n\t\t\t\t<\/div>\n\t\t\t\t<div class=\"elementor-element elementor-element-33ea3cd elementor-widget elementor-widget-image\" data-id=\"33ea3cd\" data-element_type=\"widget\" data-widget_type=\"image.default\">\n\t\t\t\t<div class=\"elementor-widget-container\">\n\t\t\t\t\t\t\t\t\t\t\t\t\t\t\t<img decoding=\"async\" width=\"1026\" height=\"840\" src=\"https:\/\/salty.is\/wp-content\/uploads\/ALLARD_08-09-2021@pmonetta-1028-1-1-1.webp\" class=\"attachment-full size-full wp-image-5167\" alt=\"\" srcset=\"https:\/\/salty.is\/wp-content\/uploads\/ALLARD_08-09-2021@pmonetta-1028-1-1-1.webp 1026w, https:\/\/salty.is\/wp-content\/uploads\/ALLARD_08-09-2021@pmonetta-1028-1-1-1-600x491.webp 600w, https:\/\/salty.is\/wp-content\/uploads\/ALLARD_08-09-2021@pmonetta-1028-1-1-1-300x246.webp 300w, https:\/\/salty.is\/wp-content\/uploads\/ALLARD_08-09-2021@pmonetta-1028-1-1-1-1024x838.webp 1024w, https:\/\/salty.is\/wp-content\/uploads\/ALLARD_08-09-2021@pmonetta-1028-1-1-1-768x629.webp 768w, https:\/\/salty.is\/wp-content\/uploads\/ALLARD_08-09-2021@pmonetta-1028-1-1-1-650x532.webp 650w\" sizes=\"(max-width: 1026px) 100vw, 1026px\" \/>\t\t\t\t\t\t\t\t\t\t\t\t\t\t\t<\/div>\n\t\t\t\t<\/div>\n\t\t\t\t<div class=\"elementor-element elementor-element-2c52893 elementor-widget elementor-widget-text-editor\" data-id=\"2c52893\" data-element_type=\"widget\" data-widget_type=\"text-editor.default\">\n\t\t\t\t<div class=\"elementor-widget-container\">\n\t\t\t\t\t\t\t\t\t<h3>Sostenibilit\u00e0<\/h3>\t\t\t\t\t\t\t\t<\/div>\n\t\t\t\t<\/div>\n\t\t\t\t<div class=\"elementor-element elementor-element-cdd2868 elementor-widget elementor-widget-text-editor\" data-id=\"cdd2868\" data-element_type=\"widget\" data-widget_type=\"text-editor.default\">\n\t\t\t\t<div class=\"elementor-widget-container\">\n\t\t\t\t\t\t\t\t\t<p><span style=\"text-align: var(--text-align); color: var(--uicore-typography--p-c,'#070707'); font-family: var(--uicore-typography--p-f,'Inter'); font-size: var(--uicore-typography--p-s,'10px'); font-style: var(--uicore-typography--p-st,'normal'); font-weight: var(--uicore-typography--p-w,'600'); letter-spacing: var(--uicore-typography--p-ls,'-0.027em'); text-transform: var(--uicore-typography--p-t,'none');\">Il Ducasse Group \u00e8 fortemente impegnato nella promozione di pratiche sostenibili, sia nella selezione degli ingredienti che nella gestione operativa dei suoi ristoranti. Alain Ducasse ha organizzato il primo summit sulla gastronomia sostenibile a Monaco, riunendo chef, scienziati e produttori per discutere azioni concrete verso una cucina pi\u00f9 responsabile.<\/span><span style=\"color: inherit; font-family: inherit; font-size: inherit; font-style: inherit; font-weight: inherit; letter-spacing: inherit; text-align: var(--text-align); text-transform: inherit;\">\u00a0<\/span><\/p>\t\t\t\t\t\t\t\t<\/div>\n\t\t\t\t<\/div>\n\t\t\t\t<div class=\"elementor-element elementor-element-0a71919 elementor-widget elementor-widget-spacer\" data-id=\"0a71919\" data-element_type=\"widget\" data-widget_type=\"spacer.default\">\n\t\t\t\t<div class=\"elementor-widget-container\">\n\t\t\t\t\t\t\t<div class=\"elementor-spacer\">\n\t\t\t<div class=\"elementor-spacer-inner\"><\/div>\n\t\t<\/div>\n\t\t\t\t\t\t<\/div>\n\t\t\t\t<\/div>\n\t\t\t\t<div class=\"elementor-element elementor-element-0f9f717 elementor-widget elementor-widget-image\" data-id=\"0f9f717\" data-element_type=\"widget\" data-widget_type=\"image.default\">\n\t\t\t\t<div class=\"elementor-widget-container\">\n\t\t\t\t\t\t\t\t\t\t\t\t\t\t\t<img loading=\"lazy\" decoding=\"async\" width=\"1200\" height=\"801\" src=\"https:\/\/salty.is\/wp-content\/uploads\/Main-Dining-Room.webp\" class=\"attachment-full size-full wp-image-5166\" alt=\"\" srcset=\"https:\/\/salty.is\/wp-content\/uploads\/Main-Dining-Room.webp 1200w, https:\/\/salty.is\/wp-content\/uploads\/Main-Dining-Room-600x401.webp 600w, https:\/\/salty.is\/wp-content\/uploads\/Main-Dining-Room-300x200.webp 300w, https:\/\/salty.is\/wp-content\/uploads\/Main-Dining-Room-1024x684.webp 1024w, https:\/\/salty.is\/wp-content\/uploads\/Main-Dining-Room-768x513.webp 768w, https:\/\/salty.is\/wp-content\/uploads\/Main-Dining-Room-650x434.webp 650w\" sizes=\"(max-width: 1200px) 100vw, 1200px\" \/>\t\t\t\t\t\t\t\t\t\t\t\t\t\t\t<\/div>\n\t\t\t\t<\/div>\n\t\t\t\t<div class=\"elementor-element elementor-element-fc60f99 elementor-widget elementor-widget-spacer\" data-id=\"fc60f99\" data-element_type=\"widget\" data-widget_type=\"spacer.default\">\n\t\t\t\t<div class=\"elementor-widget-container\">\n\t\t\t\t\t\t\t<div class=\"elementor-spacer\">\n\t\t\t<div class=\"elementor-spacer-inner\"><\/div>\n\t\t<\/div>\n\t\t\t\t\t\t<\/div>\n\t\t\t\t<\/div>\n\t\t\t\t<div class=\"elementor-element elementor-element-3385e65 elementor-widget elementor-widget-text-editor\" data-id=\"3385e65\" data-element_type=\"widget\" data-widget_type=\"text-editor.default\">\n\t\t\t\t<div class=\"elementor-widget-container\">\n\t\t\t\t\t\t\t\t\t<p><strong style=\"color: var(--uicore-typography--h3-c,'#070707'); font-family: var(--uicore-typography--h3-f,'Inter'); font-size: var(--uicore-typography--h3-s,'10px'); font-style: var(--uicore-typography--h3-st,'normal'); letter-spacing: var(--uicore-typography--h3-ls,'-0.027em'); text-transform: var(--uicore-typography--h3-t,'none'); text-align: var(--text-align);\">Prospettive Future<\/strong><\/p>\n<div>\n<div>\n<div dir=\"auto\" data-message-author-role=\"assistant\" data-message-id=\"07dcee70-09aa-4907-9676-126f400b6a04\" data-message-model-slug=\"gpt-4o\">\n<div>\n<div>\n<p>Il gruppo continua a espandersi con nuove aperture, tra cui un ristorante a Napoli presso l&#8217;Hotel Romeo, che propone una cucina franco-italo-mediterranea, e future inaugurazioni a Roma e in Costiera Amalfitana. Inoltre, Ducasse sta sviluppando un centro culinario globale a Parigi, focalizzato su verdure e sostenibilit\u00e0, che funger\u00e0 anche da quartier generale del gruppo.<\/p><p><\/p><p><span style=\"font-size: inherit; text-align: var(--text-align); color: var(--uicore-typography--p-c,&quot;#070707&quot;); font-family: var(--uicore-typography--p-f,&quot;Inter&quot;); font-style: var(--uicore-typography--p-st,&quot;normal&quot;); font-weight: var(--uicore-typography--p-w,&quot;600&quot;); letter-spacing: var(--uicore-typography--p-ls,&quot;-0.027em&quot;); text-transform: var(--uicore-typography--p-t,&quot;none&quot;);\">In sintesi, il Ducasse Group rappresenta un modello di eccellenza e innovazione nella gastronomia mondiale, con un impegno costante verso la sostenibilit\u00e0 e la trasmissione del sapere culinario alle future generazioni.<\/span><span style=\"font-size: inherit; text-align: var(--text-align); color: var(--uicore-typography--p-c,&quot;#070707&quot;); font-family: var(--uicore-typography--p-f,&quot;Inter&quot;); font-style: var(--uicore-typography--p-st,&quot;normal&quot;); font-weight: var(--uicore-typography--p-w,&quot;600&quot;); letter-spacing: var(--uicore-typography--p-ls,&quot;-0.027em&quot;); text-transform: var(--uicore-typography--p-t,&quot;none&quot;);\">.<\/span><\/p>\n<\/div>\n<\/div>\n<\/div>\n<\/div>\n<\/div>\t\t\t\t\t\t\t\t<\/div>\n\t\t\t\t<\/div>\n\t\t\t\t<div class=\"elementor-element elementor-element-d294ef3 elementor-widget elementor-widget-image\" data-id=\"d294ef3\" data-element_type=\"widget\" data-widget_type=\"image.default\">\n\t\t\t\t<div class=\"elementor-widget-container\">\n\t\t\t\t\t\t\t\t\t\t\t\t\t\t\t<img loading=\"lazy\" decoding=\"async\" width=\"1800\" height=\"1116\" src=\"https:\/\/salty.is\/wp-content\/uploads\/1135679-alain-ducasse-baccarat-la-nouvelle-table-gastronomique-dans-le-temple-du-cristal-a-paris-image00026.jpg\" class=\"attachment-full size-full wp-image-5165\" alt=\"\" srcset=\"https:\/\/salty.is\/wp-content\/uploads\/1135679-alain-ducasse-baccarat-la-nouvelle-table-gastronomique-dans-le-temple-du-cristal-a-paris-image00026.jpg 1800w, https:\/\/salty.is\/wp-content\/uploads\/1135679-alain-ducasse-baccarat-la-nouvelle-table-gastronomique-dans-le-temple-du-cristal-a-paris-image00026-600x372.jpg 600w, https:\/\/salty.is\/wp-content\/uploads\/1135679-alain-ducasse-baccarat-la-nouvelle-table-gastronomique-dans-le-temple-du-cristal-a-paris-image00026-300x186.jpg 300w, https:\/\/salty.is\/wp-content\/uploads\/1135679-alain-ducasse-baccarat-la-nouvelle-table-gastronomique-dans-le-temple-du-cristal-a-paris-image00026-1024x635.jpg 1024w, https:\/\/salty.is\/wp-content\/uploads\/1135679-alain-ducasse-baccarat-la-nouvelle-table-gastronomique-dans-le-temple-du-cristal-a-paris-image00026-768x476.jpg 768w, https:\/\/salty.is\/wp-content\/uploads\/1135679-alain-ducasse-baccarat-la-nouvelle-table-gastronomique-dans-le-temple-du-cristal-a-paris-image00026-1536x952.jpg 1536w, https:\/\/salty.is\/wp-content\/uploads\/1135679-alain-ducasse-baccarat-la-nouvelle-table-gastronomique-dans-le-temple-du-cristal-a-paris-image00026-650x403.jpg 650w\" sizes=\"(max-width: 1800px) 100vw, 1800px\" \/>\t\t\t\t\t\t\t\t\t\t\t\t\t\t\t<\/div>\n\t\t\t\t<\/div>\n\t\t\t\t<div class=\"elementor-element elementor-element-418e048 elementor-widget elementor-widget-text-editor\" data-id=\"418e048\" data-element_type=\"widget\" data-widget_type=\"text-editor.default\">\n\t\t\t\t<div class=\"elementor-widget-container\">\n\t\t\t\t\t\t\t\t\t<p><strong>Condividi l&#8217;articolo:<\/strong><\/p>\t\t\t\t\t\t\t\t<\/div>\n\t\t\t\t<\/div>\n\t\t\t\t<\/div>\n\t\t<div class=\"elementor-element elementor-element-977acd3 e-con-full e-flex e-con e-parent\" data-id=\"977acd3\" data-element_type=\"container\" data-settings=\"{&quot;background_background&quot;:&quot;classic&quot;}\">\n\t\t\t\t<\/div>\n\t\t<div class=\"elementor-element elementor-element-0f3a57d e-con-full e-flex e-con e-parent\" data-id=\"0f3a57d\" data-element_type=\"container\" data-settings=\"{&quot;background_background&quot;:&quot;classic&quot;}\">\n\t\t\t\t<\/div>\n\t\t<div class=\"elementor-element elementor-element-8360027 e-flex e-con-boxed e-con e-parent\" data-id=\"8360027\" data-element_type=\"container\">\n\t\t\t\t\t<div class=\"e-con-inner\">\n\t\t\t\t\t<\/div>\n\t\t\t\t<\/div>\n\t\t\t\t<\/div>","protected":false},"excerpt":{"rendered":"<p>Scopriamo insieme il mondo del fine dining: Ducasse Group.<\/p>\n<p>Il Ducasse Group, fondato dallo chef monegasco Alain Ducasse, \u00e8 un impero culinario globale che incarna l&#8217;eccellenza gastronomica e l&#8217;innovazione nel settore della ristorazione.<\/p>","protected":false},"author":1,"featured_media":5163,"comment_status":"closed","ping_status":"closed","sticky":false,"template":"","format":"standard","meta":{"_acf_changed":false,"footnotes":""},"categories":[47],"tags":[],"class_list":["post-5146","post","type-post","status-publish","format-standard","has-post-thumbnail","hentry","category-fine-dining-insider"],"acf":[],"_links":{"self":[{"href":"https:\/\/salty.is\/en\/wp-json\/wp\/v2\/posts\/5146","targetHints":{"allow":["GET"]}}],"collection":[{"href":"https:\/\/salty.is\/en\/wp-json\/wp\/v2\/posts"}],"about":[{"href":"https:\/\/salty.is\/en\/wp-json\/wp\/v2\/types\/post"}],"author":[{"embeddable":true,"href":"https:\/\/salty.is\/en\/wp-json\/wp\/v2\/users\/1"}],"replies":[{"embeddable":true,"href":"https:\/\/salty.is\/en\/wp-json\/wp\/v2\/comments?post=5146"}],"version-history":[{"count":12,"href":"https:\/\/salty.is\/en\/wp-json\/wp\/v2\/posts\/5146\/revisions"}],"predecessor-version":[{"id":5176,"href":"https:\/\/salty.is\/en\/wp-json\/wp\/v2\/posts\/5146\/revisions\/5176"}],"wp:featuredmedia":[{"embeddable":true,"href":"https:\/\/salty.is\/en\/wp-json\/wp\/v2\/media\/5163"}],"wp:attachment":[{"href":"https:\/\/salty.is\/en\/wp-json\/wp\/v2\/media?parent=5146"}],"wp:term":[{"taxonomy":"category","embeddable":true,"href":"https:\/\/salty.is\/en\/wp-json\/wp\/v2\/categories?post=5146"},{"taxonomy":"post_tag","embeddable":true,"href":"https:\/\/salty.is\/en\/wp-json\/wp\/v2\/tags?post=5146"}],"curies":[{"name":"wp","href":"https:\/\/api.w.org\/{rel}","templated":true}]}}